{"id":2249,"date":"2018-06-11T10:06:14","date_gmt":"2018-06-11T10:06:14","guid":{"rendered":"http:\/\/vilanovadisanta.com\/exhibicio-de-vol-lliure-daus-rapinyaires\/2249\/"},"modified":"2019-01-18T10:06:18","modified_gmt":"2019-01-18T10:06:18","slug":"exhibicio-de-vol-lliure-daus-rapinyaires","status":"publish","type":"post","link":"http:\/\/vilanovadisanta.com\/en\/exhibicio-de-vol-lliure-daus-rapinyaires\/2249\/","title":{"rendered":"Exhibici\u00f3 de vol lliure d\u2019aus rapinyaires"},"content":{"rendered":"<p class=\"p1\">Un petit <span class=\"s1\">xut<\/span> et saltar\u00e0 a sobre el cap, una \u00f2liba et despentinar\u00e0, un <span class=\"s1\">falc\u00f3<\/span> passar\u00e0 a menys d\u2019un pam del nas i podr\u00e0s donar de menjar a una guineu. A m\u00e9s, segurament, \u00e0ligues i falcons salvatges trauran el cap durant l\u2019espectacle.<\/p>\n<p class=\"p1\">Al Zoo del Pirineu no nom\u00e9s pots con\u00e8ixer m\u00e9s de 50 esp\u00e8cies del nostre entorn sin\u00f3 que tamb\u00e9 es casa de molts animals salvatges que han estat ferits o maltractats per humans. Ofereixen espectacle de vol, visita guiada i una activitat Toca-Toca per totes les edats que no deixar\u00e0 indiferent a ning\u00fa.<\/p>\n<p class=\"p1\">2\u20ac de descompte per persona si t\u2019allotges amb nosaltres.<\/p>\n<p class=\"p1\">Pots consultar <a href=\"http:\/\/zoopirineu.com\/\">el seu web<\/a> o t\u2019informarem a la casa de tot all\u00f2 que necessitis.<\/p>\n","protected":false},"excerpt":{"rendered":"<p>Un petit xut et saltar\u00e0 a sobre el cap, una \u00f2liba et despentinar\u00e0, un falc\u00f3 passar\u00e0 a menys d\u2019un pam del nas i podr\u00e0s donar de menjar a una guineu. A m\u00e9s, segurament, \u00e0ligues i falcons salvatges trauran el cap &hellip; <a href=\"http:\/\/vilanovadisanta.com\/en\/exhibicio-de-vol-lliure-daus-rapinyaires\/2249\/\">Read More<\/a><\/p>\n","protected":false},"author":1,"featured_media":1369,"comment_status":"closed","ping_status":"open","sticky":false,"template":"","format":"standard","meta":{"footnotes":""},"categories":[9],"tags":[],"class_list":["post-2249","post","type-post","status-publish","format-standard","has-post-thumbnail","hentry","category-blog-en"],"yoast_head":"<!-- This site is optimized with the Yoast SEO plugin v26.7 - https:\/\/yoast.com\/wordpress\/plugins\/seo\/ -->\n<title>Exhibici\u00f3 de vol lliure d\u2019aus rapinyaires - Vilanova d&#039;Isanta<\/title>\n<meta name=\"robots\" content=\"index, follow, max-snippet:-1, max-image-preview:large, max-video-preview:-1\" \/>\n<link rel=\"canonical\" href=\"https:\/\/vilanovadisanta.com\/en\/exhibicio-de-vol-lliure-daus-rapinyaires\/2249\/\" \/>\n<meta property=\"og:locale\" content=\"en_US\" \/>\n<meta property=\"og:type\" content=\"article\" \/>\n<meta property=\"og:title\" content=\"Exhibici\u00f3 de vol lliure d\u2019aus rapinyaires - Vilanova d&#039;Isanta\" \/>\n<meta property=\"og:description\" content=\"Un petit xut et saltar\u00e0 a sobre el cap, una \u00f2liba et despentinar\u00e0, un falc\u00f3 passar\u00e0 a menys d\u2019un pam del nas i podr\u00e0s donar de menjar a una guineu. A m\u00e9s, segurament, \u00e0ligues i falcons salvatges trauran el cap &hellip; Read More\" \/>\n<meta property=\"og:url\" content=\"https:\/\/vilanovadisanta.com\/en\/exhibicio-de-vol-lliure-daus-rapinyaires\/2249\/\" \/>\n<meta property=\"og:site_name\" content=\"Vilanova d&#039;Isanta\" \/>\n<meta property=\"article:published_time\" content=\"2018-06-11T10:06:14+00:00\" \/>\n<meta property=\"article:modified_time\" content=\"2019-01-18T10:06:18+00:00\" \/>\n<meta property=\"og:image\" content=\"https:\/\/vilanovadisanta.com\/wp-content\/uploads\/2018\/06\/falcon-3023733_1280-min.jpg\" \/>\n\t<meta property=\"og:image:width\" content=\"1280\" \/>\n\t<meta property=\"og:image:height\" content=\"858\" \/>\n\t<meta property=\"og:image:type\" content=\"image\/jpeg\" \/>\n<meta name=\"author\" content=\"admin\" \/>\n<meta name=\"twitter:card\" content=\"summary_large_image\" \/>\n<meta name=\"twitter:label1\" content=\"Written by\" \/>\n\t<meta name=\"twitter:data1\" content=\"admin\" \/>\n\t<meta name=\"twitter:label2\" content=\"Est. reading time\" \/>\n\t<meta name=\"twitter:data2\" content=\"1 minute\" \/>\n<script type=\"application\/ld+json\" class=\"yoast-schema-graph\">{\"@context\":\"https:\/\/schema.org\",\"@graph\":[{\"@type\":\"Article\",\"@id\":\"https:\/\/vilanovadisanta.com\/en\/exhibicio-de-vol-lliure-daus-rapinyaires\/2249\/#article\",\"isPartOf\":{\"@id\":\"https:\/\/vilanovadisanta.com\/en\/exhibicio-de-vol-lliure-daus-rapinyaires\/2249\/\"},\"author\":{\"name\":\"admin\",\"@id\":\"https:\/\/vilanovadisanta.com\/#\/schema\/person\/fa55585118b5972d4cdd0972bb2af501\"},\"headline\":\"Exhibici\u00f3 de vol lliure d\u2019aus rapinyaires\",\"datePublished\":\"2018-06-11T10:06:14+00:00\",\"dateModified\":\"2019-01-18T10:06:18+00:00\",\"mainEntityOfPage\":{\"@id\":\"https:\/\/vilanovadisanta.com\/en\/exhibicio-de-vol-lliure-daus-rapinyaires\/2249\/\"},\"wordCount\":133,\"publisher\":{\"@id\":\"https:\/\/vilanovadisanta.com\/#organization\"},\"image\":{\"@id\":\"https:\/\/vilanovadisanta.com\/en\/exhibicio-de-vol-lliure-daus-rapinyaires\/2249\/#primaryimage\"},\"thumbnailUrl\":\"http:\/\/vilanovadisanta.com\/wp-content\/uploads\/2018\/06\/falcon-3023733_1280-min.jpg\",\"articleSection\":[\"Blog\"],\"inLanguage\":\"en-US\"},{\"@type\":\"WebPage\",\"@id\":\"https:\/\/vilanovadisanta.com\/en\/exhibicio-de-vol-lliure-daus-rapinyaires\/2249\/\",\"url\":\"https:\/\/vilanovadisanta.com\/en\/exhibicio-de-vol-lliure-daus-rapinyaires\/2249\/\",\"name\":\"Exhibici\u00f3 de vol lliure d\u2019aus rapinyaires - Vilanova d&#039;Isanta\",\"isPartOf\":{\"@id\":\"https:\/\/vilanovadisanta.com\/#website\"},\"primaryImageOfPage\":{\"@id\":\"https:\/\/vilanovadisanta.com\/en\/exhibicio-de-vol-lliure-daus-rapinyaires\/2249\/#primaryimage\"},\"image\":{\"@id\":\"https:\/\/vilanovadisanta.com\/en\/exhibicio-de-vol-lliure-daus-rapinyaires\/2249\/#primaryimage\"},\"thumbnailUrl\":\"http:\/\/vilanovadisanta.com\/wp-content\/uploads\/2018\/06\/falcon-3023733_1280-min.jpg\",\"datePublished\":\"2018-06-11T10:06:14+00:00\",\"dateModified\":\"2019-01-18T10:06:18+00:00\",\"breadcrumb\":{\"@id\":\"https:\/\/vilanovadisanta.com\/en\/exhibicio-de-vol-lliure-daus-rapinyaires\/2249\/#breadcrumb\"},\"inLanguage\":\"en-US\",\"potentialAction\":[{\"@type\":\"ReadAction\",\"target\":[\"https:\/\/vilanovadisanta.com\/en\/exhibicio-de-vol-lliure-daus-rapinyaires\/2249\/\"]}]},{\"@type\":\"ImageObject\",\"inLanguage\":\"en-US\",\"@id\":\"https:\/\/vilanovadisanta.com\/en\/exhibicio-de-vol-lliure-daus-rapinyaires\/2249\/#primaryimage\",\"url\":\"http:\/\/vilanovadisanta.com\/wp-content\/uploads\/2018\/06\/falcon-3023733_1280-min.jpg\",\"contentUrl\":\"http:\/\/vilanovadisanta.com\/wp-content\/uploads\/2018\/06\/falcon-3023733_1280-min.jpg\",\"width\":1280,\"height\":858},{\"@type\":\"BreadcrumbList\",\"@id\":\"https:\/\/vilanovadisanta.com\/en\/exhibicio-de-vol-lliure-daus-rapinyaires\/2249\/#breadcrumb\",\"itemListElement\":[{\"@type\":\"ListItem\",\"position\":1,\"name\":\"Portada\",\"item\":\"http:\/\/vilanovadisanta.com\/en\/\"},{\"@type\":\"ListItem\",\"position\":2,\"name\":\"Exhibici\u00f3 de vol lliure d\u2019aus rapinyaires\"}]},{\"@type\":\"WebSite\",\"@id\":\"https:\/\/vilanovadisanta.com\/#website\",\"url\":\"https:\/\/vilanovadisanta.com\/\",\"name\":\"Vilanova d&#039;Isanta\",\"description\":\"\",\"publisher\":{\"@id\":\"https:\/\/vilanovadisanta.com\/#organization\"},\"potentialAction\":[{\"@type\":\"SearchAction\",\"target\":{\"@type\":\"EntryPoint\",\"urlTemplate\":\"https:\/\/vilanovadisanta.com\/?s={search_term_string}\"},\"query-input\":{\"@type\":\"PropertyValueSpecification\",\"valueRequired\":true,\"valueName\":\"search_term_string\"}}],\"inLanguage\":\"en-US\"},{\"@type\":\"Organization\",\"@id\":\"https:\/\/vilanovadisanta.com\/#organization\",\"name\":\"Vilanova d&#039;Isanta\",\"url\":\"https:\/\/vilanovadisanta.com\/\",\"logo\":{\"@type\":\"ImageObject\",\"inLanguage\":\"en-US\",\"@id\":\"https:\/\/vilanovadisanta.com\/#\/schema\/logo\/image\/\",\"url\":\"http:\/\/vilanovadisanta.com\/wp-content\/uploads\/2018\/09\/LogoVilanova_blanc-bo.png\",\"contentUrl\":\"http:\/\/vilanovadisanta.com\/wp-content\/uploads\/2018\/09\/LogoVilanova_blanc-bo.png\",\"width\":300,\"height\":136,\"caption\":\"Vilanova d&#039;Isanta\"},\"image\":{\"@id\":\"https:\/\/vilanovadisanta.com\/#\/schema\/logo\/image\/\"}},{\"@type\":\"Person\",\"@id\":\"https:\/\/vilanovadisanta.com\/#\/schema\/person\/fa55585118b5972d4cdd0972bb2af501\",\"name\":\"admin\",\"image\":{\"@type\":\"ImageObject\",\"inLanguage\":\"en-US\",\"@id\":\"https:\/\/vilanovadisanta.com\/#\/schema\/person\/image\/\",\"url\":\"https:\/\/secure.gravatar.com\/avatar\/d2ca868b1a6055d25d1e5e49b7708a11533aa6058ed9e92945bb446c38917685?s=96&d=mm&r=g\",\"contentUrl\":\"https:\/\/secure.gravatar.com\/avatar\/d2ca868b1a6055d25d1e5e49b7708a11533aa6058ed9e92945bb446c38917685?s=96&d=mm&r=g\",\"caption\":\"admin\"},\"url\":\"http:\/\/vilanovadisanta.com\/en\/author\/admin\/\"}]}<\/script>\n<!-- \/ Yoast SEO plugin. -->","yoast_head_json":{"title":"Exhibici\u00f3 de vol lliure d\u2019aus rapinyaires - Vilanova d&#039;Isanta","robots":{"index":"index","follow":"follow","max-snippet":"max-snippet:-1","max-image-preview":"max-image-preview:large","max-video-preview":"max-video-preview:-1"},"canonical":"https:\/\/vilanovadisanta.com\/en\/exhibicio-de-vol-lliure-daus-rapinyaires\/2249\/","og_locale":"en_US","og_type":"article","og_title":"Exhibici\u00f3 de vol lliure d\u2019aus rapinyaires - Vilanova d&#039;Isanta","og_description":"Un petit xut et saltar\u00e0 a sobre el cap, una \u00f2liba et despentinar\u00e0, un falc\u00f3 passar\u00e0 a menys d\u2019un pam del nas i podr\u00e0s donar de menjar a una guineu. A m\u00e9s, segurament, \u00e0ligues i falcons salvatges trauran el cap &hellip; Read More","og_url":"https:\/\/vilanovadisanta.com\/en\/exhibicio-de-vol-lliure-daus-rapinyaires\/2249\/","og_site_name":"Vilanova d&#039;Isanta","article_published_time":"2018-06-11T10:06:14+00:00","article_modified_time":"2019-01-18T10:06:18+00:00","og_image":[{"width":1280,"height":858,"url":"https:\/\/vilanovadisanta.com\/wp-content\/uploads\/2018\/06\/falcon-3023733_1280-min.jpg","type":"image\/jpeg"}],"author":"admin","twitter_card":"summary_large_image","twitter_misc":{"Written by":"admin","Est. reading time":"1 minute"},"schema":{"@context":"https:\/\/schema.org","@graph":[{"@type":"Article","@id":"https:\/\/vilanovadisanta.com\/en\/exhibicio-de-vol-lliure-daus-rapinyaires\/2249\/#article","isPartOf":{"@id":"https:\/\/vilanovadisanta.com\/en\/exhibicio-de-vol-lliure-daus-rapinyaires\/2249\/"},"author":{"name":"admin","@id":"https:\/\/vilanovadisanta.com\/#\/schema\/person\/fa55585118b5972d4cdd0972bb2af501"},"headline":"Exhibici\u00f3 de vol lliure d\u2019aus rapinyaires","datePublished":"2018-06-11T10:06:14+00:00","dateModified":"2019-01-18T10:06:18+00:00","mainEntityOfPage":{"@id":"https:\/\/vilanovadisanta.com\/en\/exhibicio-de-vol-lliure-daus-rapinyaires\/2249\/"},"wordCount":133,"publisher":{"@id":"https:\/\/vilanovadisanta.com\/#organization"},"image":{"@id":"https:\/\/vilanovadisanta.com\/en\/exhibicio-de-vol-lliure-daus-rapinyaires\/2249\/#primaryimage"},"thumbnailUrl":"http:\/\/vilanovadisanta.com\/wp-content\/uploads\/2018\/06\/falcon-3023733_1280-min.jpg","articleSection":["Blog"],"inLanguage":"en-US"},{"@type":"WebPage","@id":"https:\/\/vilanovadisanta.com\/en\/exhibicio-de-vol-lliure-daus-rapinyaires\/2249\/","url":"https:\/\/vilanovadisanta.com\/en\/exhibicio-de-vol-lliure-daus-rapinyaires\/2249\/","name":"Exhibici\u00f3 de vol lliure d\u2019aus rapinyaires - Vilanova d&#039;Isanta","isPartOf":{"@id":"https:\/\/vilanovadisanta.com\/#website"},"primaryImageOfPage":{"@id":"https:\/\/vilanovadisanta.com\/en\/exhibicio-de-vol-lliure-daus-rapinyaires\/2249\/#primaryimage"},"image":{"@id":"https:\/\/vilanovadisanta.com\/en\/exhibicio-de-vol-lliure-daus-rapinyaires\/2249\/#primaryimage"},"thumbnailUrl":"http:\/\/vilanovadisanta.com\/wp-content\/uploads\/2018\/06\/falcon-3023733_1280-min.jpg","datePublished":"2018-06-11T10:06:14+00:00","dateModified":"2019-01-18T10:06:18+00:00","breadcrumb":{"@id":"https:\/\/vilanovadisanta.com\/en\/exhibicio-de-vol-lliure-daus-rapinyaires\/2249\/#breadcrumb"},"inLanguage":"en-US","potentialAction":[{"@type":"ReadAction","target":["https:\/\/vilanovadisanta.com\/en\/exhibicio-de-vol-lliure-daus-rapinyaires\/2249\/"]}]},{"@type":"ImageObject","inLanguage":"en-US","@id":"https:\/\/vilanovadisanta.com\/en\/exhibicio-de-vol-lliure-daus-rapinyaires\/2249\/#primaryimage","url":"http:\/\/vilanovadisanta.com\/wp-content\/uploads\/2018\/06\/falcon-3023733_1280-min.jpg","contentUrl":"http:\/\/vilanovadisanta.com\/wp-content\/uploads\/2018\/06\/falcon-3023733_1280-min.jpg","width":1280,"height":858},{"@type":"BreadcrumbList","@id":"https:\/\/vilanovadisanta.com\/en\/exhibicio-de-vol-lliure-daus-rapinyaires\/2249\/#breadcrumb","itemListElement":[{"@type":"ListItem","position":1,"name":"Portada","item":"http:\/\/vilanovadisanta.com\/en\/"},{"@type":"ListItem","position":2,"name":"Exhibici\u00f3 de vol lliure d\u2019aus rapinyaires"}]},{"@type":"WebSite","@id":"https:\/\/vilanovadisanta.com\/#website","url":"https:\/\/vilanovadisanta.com\/","name":"Vilanova d&#039;Isanta","description":"","publisher":{"@id":"https:\/\/vilanovadisanta.com\/#organization"},"potentialAction":[{"@type":"SearchAction","target":{"@type":"EntryPoint","urlTemplate":"https:\/\/vilanovadisanta.com\/?s={search_term_string}"},"query-input":{"@type":"PropertyValueSpecification","valueRequired":true,"valueName":"search_term_string"}}],"inLanguage":"en-US"},{"@type":"Organization","@id":"https:\/\/vilanovadisanta.com\/#organization","name":"Vilanova d&#039;Isanta","url":"https:\/\/vilanovadisanta.com\/","logo":{"@type":"ImageObject","inLanguage":"en-US","@id":"https:\/\/vilanovadisanta.com\/#\/schema\/logo\/image\/","url":"http:\/\/vilanovadisanta.com\/wp-content\/uploads\/2018\/09\/LogoVilanova_blanc-bo.png","contentUrl":"http:\/\/vilanovadisanta.com\/wp-content\/uploads\/2018\/09\/LogoVilanova_blanc-bo.png","width":300,"height":136,"caption":"Vilanova d&#039;Isanta"},"image":{"@id":"https:\/\/vilanovadisanta.com\/#\/schema\/logo\/image\/"}},{"@type":"Person","@id":"https:\/\/vilanovadisanta.com\/#\/schema\/person\/fa55585118b5972d4cdd0972bb2af501","name":"admin","image":{"@type":"ImageObject","inLanguage":"en-US","@id":"https:\/\/vilanovadisanta.com\/#\/schema\/person\/image\/","url":"https:\/\/secure.gravatar.com\/avatar\/d2ca868b1a6055d25d1e5e49b7708a11533aa6058ed9e92945bb446c38917685?s=96&d=mm&r=g","contentUrl":"https:\/\/secure.gravatar.com\/avatar\/d2ca868b1a6055d25d1e5e49b7708a11533aa6058ed9e92945bb446c38917685?s=96&d=mm&r=g","caption":"admin"},"url":"http:\/\/vilanovadisanta.com\/en\/author\/admin\/"}]}},"_links":{"self":[{"href":"http:\/\/vilanovadisanta.com\/en\/wp-json\/wp\/v2\/posts\/2249","targetHints":{"allow":["GET"]}}],"collection":[{"href":"http:\/\/vilanovadisanta.com\/en\/wp-json\/wp\/v2\/posts"}],"about":[{"href":"http:\/\/vilanovadisanta.com\/en\/wp-json\/wp\/v2\/types\/post"}],"author":[{"embeddable":true,"href":"http:\/\/vilanovadisanta.com\/en\/wp-json\/wp\/v2\/users\/1"}],"replies":[{"embeddable":true,"href":"http:\/\/vilanovadisanta.com\/en\/wp-json\/wp\/v2\/comments?post=2249"}],"version-history":[{"count":1,"href":"http:\/\/vilanovadisanta.com\/en\/wp-json\/wp\/v2\/posts\/2249\/revisions"}],"predecessor-version":[{"id":2253,"href":"http:\/\/vilanovadisanta.com\/en\/wp-json\/wp\/v2\/posts\/2249\/revisions\/2253"}],"wp:featuredmedia":[{"embeddable":true,"href":"http:\/\/vilanovadisanta.com\/en\/wp-json\/wp\/v2\/media\/1369"}],"wp:attachment":[{"href":"http:\/\/vilanovadisanta.com\/en\/wp-json\/wp\/v2\/media?parent=2249"}],"wp:term":[{"taxonomy":"category","embeddable":true,"href":"http:\/\/vilanovadisanta.com\/en\/wp-json\/wp\/v2\/categories?post=2249"},{"taxonomy":"post_tag","embeddable":true,"href":"http:\/\/vilanovadisanta.com\/en\/wp-json\/wp\/v2\/tags?post=2249"}],"curies":[{"name":"wp","href":"https:\/\/api.w.org\/{rel}","templated":true}]}}